{"id":160438,"date":"2016-06-21T18:02:20","date_gmt":"2016-06-21T16:02:20","guid":{"rendered":"https:\/\/irocafort.testsdowhile.com\/el-preu-de-lhabitatge-puja-a-tota-espanya-a-2016-i-es-dispara-a-catalunya-i-madrid\/"},"modified":"2016-06-21T18:02:20","modified_gmt":"2016-06-21T16:02:20","slug":"el-preu-de-lhabitatge-puja-a-tota-espanya-a-2016-i-es-dispara-a-catalunya-i-madrid","status":"publish","type":"post","link":"https:\/\/irocafort.testsdowhile.com\/ca\/el-preu-de-lhabitatge-puja-a-tota-espanya-a-2016-i-es-dispara-a-catalunya-i-madrid\/","title":{"rendered":"El preu de l&#8217;habitatge puja a tota espanya a 2016 i es dispara a catalunya i madrid"},"content":{"rendered":"<p>Segons l&#8217;\u00edndex Tinsa IMIE Mercats Locals, el preu mitj\u00e0 de l&#8217;habitatge acabat (nou i d\u2019ocasi\u00f3) a Espanya es va encarir un 1,4% en el primer trimestre de 2016 amb el que acumula dos trimestres consecutius d&#8217;increment interanual. L&#8217;\u00edndex mostra que Catalunya i Madrid es desmarquen com les dues regions &#8216;locomotora&#8217; de la pujada dels preus del mercat residencial, amb increments interanuals del 8,2% i el 7%, respectivament.<\/p>\n<p>&nbsp;<\/p>\n<p>A Barcelona ciutat, l&#8217;increment del preu mitj\u00e0 ha estat d&#8217;un 9,2% respecte al primer trimestre de 2015 i a Madrid ciutat s&#8217;ha revaloritzat un 7,5%.<\/p>\n<p>&nbsp;<\/p>\n<p>Despr\u00e9s de Catalunya i Madrid, les comunitats amb major revaloritzaci\u00f3 del preu mitj\u00e0 s\u00f3n: Illes Balears (+3,8%), Castella La-Mancha (+3,5%), i Illes Can\u00e0ries (+2,4%). I en el trimester actual Ast\u00faries (+2,2%), La Rioja (+2,2%) i Pa\u00eds Basc (+0,4%) s&#8217;incorporen al grup de comunitats aut\u00f2nomes amb evoluci\u00f3 positiva dels preus en taxa interanual.<\/p>\n","protected":false},"excerpt":{"rendered":"<p>Segons l&#8217;\u00edndex Tinsa IMIE Mercats Locals, el preu mitj\u00e0 de l&#8217;habitatge acabat (nou i d\u2019ocasi\u00f3) a Espanya es va encarir [&hellip;]<\/p>\n","protected":false},"author":1,"featured_media":160394,"comment_status":"closed","ping_status":"closed","sticky":false,"template":"","format":"standard","meta":{"footnotes":""},"categories":[1,104],"tags":[],"class_list":["post-160438","post","type-post","status-publish","format-standard","has-post-thumbnail","hentry","category-destacades","category-immobiliaria"],"aioseo_notices":[],"aioseo_head":"\n\t\t<!-- All in One SEO 5.0.0.1 - aioseo.com -->\n\t<meta name=\"description\" content=\"Segons l&#039;\u00edndex Tinsa IMIE Mercats Locals, el preu mitj\u00e0 de l&#039;habitatge acabat (nou i d\u2019ocasi\u00f3) a Espanya es va encarir un 1,4% en el primer trimestre de 2016 amb el que acumula dos trimestres consecutius d&#039;increment interanual. L&#039;\u00edndex mostra que Catalunya i Madrid es desmarquen com les dues regions &#039;locomotora&#039; de la pujada dels preus\" \/>\n\t<meta name=\"robots\" content=\"noindex, nofollow, max-image-preview:large\" \/>\n\t<meta name=\"author\" content=\"dowhile\"\/>\n\t<link rel=\"canonical\" href=\"https:\/\/irocafort.testsdowhile.com\/ca\/el-preu-de-lhabitatge-puja-a-tota-espanya-a-2016-i-es-dispara-a-catalunya-i-madrid\/\" \/>\n\t<meta name=\"generator\" content=\"All in One SEO (AIOSEO) 5.0.0.1\" \/>\n\t\t<meta property=\"og:locale\" content=\"ca_ES\" \/>\n\t\t<meta property=\"og:site_name\" content=\"Institut Rocafort -\" \/>\n\t\t<meta property=\"og:type\" content=\"article\" \/>\n\t\t<meta property=\"og:title\" content=\"El preu de l\u2019habitatge puja a tota espanya a 2016 i es dispara a catalunya i madrid - Institut Rocafort\" \/>\n\t\t<meta property=\"og:description\" content=\"Segons l&#039;\u00edndex Tinsa IMIE Mercats Locals, el preu mitj\u00e0 de l&#039;habitatge acabat (nou i d\u2019ocasi\u00f3) a Espanya es va encarir un 1,4% en el primer trimestre de 2016 amb el que acumula dos trimestres consecutius d&#039;increment interanual. L&#039;\u00edndex mostra que Catalunya i Madrid es desmarquen com les dues regions &#039;locomotora&#039; de la pujada dels preus\" \/>\n\t\t<meta property=\"og:url\" content=\"https:\/\/irocafort.testsdowhile.com\/ca\/el-preu-de-lhabitatge-puja-a-tota-espanya-a-2016-i-es-dispara-a-catalunya-i-madrid\/\" \/>\n\t\t<meta property=\"article:published_time\" content=\"2016-06-21T16:02:20+00:00\" \/>\n\t\t<meta property=\"article:modified_time\" content=\"2016-06-21T16:02:20+00:00\" \/>\n\t\t<meta name=\"twitter:card\" content=\"summary_large_image\" \/>\n\t\t<meta name=\"twitter:title\" content=\"El preu de l\u2019habitatge puja a tota espanya a 2016 i es dispara a catalunya i madrid - Institut Rocafort\" \/>\n\t\t<meta name=\"twitter:description\" content=\"Segons l&#039;\u00edndex Tinsa IMIE Mercats Locals, el preu mitj\u00e0 de l&#039;habitatge acabat (nou i d\u2019ocasi\u00f3) a Espanya es va encarir un 1,4% en el primer trimestre de 2016 amb el que acumula dos trimestres consecutius d&#039;increment interanual. L&#039;\u00edndex mostra que Catalunya i Madrid es desmarquen com les dues regions &#039;locomotora&#039; de la pujada dels preus\" \/>\n\t\t<script type=\"application\/ld+json\" class=\"aioseo-schema\">\n\t\t\t{\"@context\":\"https:\\\/\\\/schema.org\",\"@graph\":[{\"@type\":\"BlogPosting\",\"@id\":\"https:\\\/\\\/irocafort.testsdowhile.com\\\/ca\\\/el-preu-de-lhabitatge-puja-a-tota-espanya-a-2016-i-es-dispara-a-catalunya-i-madrid\\\/#blogposting\",\"name\":\"El preu de l\\u2019habitatge puja a tota espanya a 2016 i es dispara a catalunya i madrid - Institut Rocafort\",\"headline\":\"El preu de l&#8217;habitatge puja a tota espanya a 2016 i es dispara a catalunya i madrid\",\"author\":{\"@id\":\"https:\\\/\\\/irocafort.testsdowhile.com\\\/ca\\\/author\\\/dowhile\\\/#author\"},\"publisher\":{\"@id\":\"https:\\\/\\\/irocafort.testsdowhile.com\\\/ca\\\/#organization\"},\"image\":{\"@type\":\"ImageObject\",\"url\":\"https:\\\/\\\/irocafort.testsdowhile.com\\\/wp-content\\\/uploads\\\/2026\\\/03\\\/curso-agente-inmobiliario-aicat.jpg\",\"width\":1024,\"height\":790},\"datePublished\":\"2016-06-21T18:02:20+02:00\",\"dateModified\":\"2016-06-21T18:02:20+02:00\",\"inLanguage\":\"ca\",\"mainEntityOfPage\":{\"@id\":\"https:\\\/\\\/irocafort.testsdowhile.com\\\/ca\\\/el-preu-de-lhabitatge-puja-a-tota-espanya-a-2016-i-es-dispara-a-catalunya-i-madrid\\\/#webpage\"},\"isPartOf\":{\"@id\":\"https:\\\/\\\/irocafort.testsdowhile.com\\\/ca\\\/el-preu-de-lhabitatge-puja-a-tota-espanya-a-2016-i-es-dispara-a-catalunya-i-madrid\\\/#webpage\"},\"articleSection\":\"Destacades, Immobiliaria\"},{\"@type\":\"BreadcrumbList\",\"@id\":\"https:\\\/\\\/irocafort.testsdowhile.com\\\/ca\\\/el-preu-de-lhabitatge-puja-a-tota-espanya-a-2016-i-es-dispara-a-catalunya-i-madrid\\\/#breadcrumblist\",\"itemListElement\":[{\"@type\":\"ListItem\",\"@id\":\"https:\\\/\\\/irocafort.testsdowhile.com\\\/ca\\\/#listItem\",\"position\":1,\"name\":\"Home\",\"item\":\"https:\\\/\\\/irocafort.testsdowhile.com\\\/ca\\\/\",\"nextItem\":{\"@type\":\"ListItem\",\"@id\":\"https:\\\/\\\/irocafort.testsdowhile.com\\\/ca\\\/categoria\\\/destacades\\\/#listItem\",\"name\":\"Destacades\"}},{\"@type\":\"ListItem\",\"@id\":\"https:\\\/\\\/irocafort.testsdowhile.com\\\/ca\\\/categoria\\\/destacades\\\/#listItem\",\"position\":2,\"name\":\"Destacades\",\"item\":\"https:\\\/\\\/irocafort.testsdowhile.com\\\/ca\\\/categoria\\\/destacades\\\/\",\"nextItem\":{\"@type\":\"ListItem\",\"@id\":\"https:\\\/\\\/irocafort.testsdowhile.com\\\/ca\\\/el-preu-de-lhabitatge-puja-a-tota-espanya-a-2016-i-es-dispara-a-catalunya-i-madrid\\\/#listItem\",\"name\":\"El preu de l&#8217;habitatge puja a tota espanya a 2016 i es dispara a catalunya i madrid\"},\"previousItem\":{\"@type\":\"ListItem\",\"@id\":\"https:\\\/\\\/irocafort.testsdowhile.com\\\/ca\\\/#listItem\",\"name\":\"Home\"}},{\"@type\":\"ListItem\",\"@id\":\"https:\\\/\\\/irocafort.testsdowhile.com\\\/ca\\\/el-preu-de-lhabitatge-puja-a-tota-espanya-a-2016-i-es-dispara-a-catalunya-i-madrid\\\/#listItem\",\"position\":3,\"name\":\"El preu de l&#8217;habitatge puja a tota espanya a 2016 i es dispara a catalunya i madrid\",\"previousItem\":{\"@type\":\"ListItem\",\"@id\":\"https:\\\/\\\/irocafort.testsdowhile.com\\\/ca\\\/categoria\\\/destacades\\\/#listItem\",\"name\":\"Destacades\"}}]},{\"@type\":\"Organization\",\"@id\":\"https:\\\/\\\/irocafort.testsdowhile.com\\\/ca\\\/#organization\",\"name\":\"Institut Rocafort\",\"url\":\"https:\\\/\\\/irocafort.testsdowhile.com\\\/ca\\\/\"},{\"@type\":\"Person\",\"@id\":\"https:\\\/\\\/irocafort.testsdowhile.com\\\/ca\\\/author\\\/dowhile\\\/#author\",\"url\":\"https:\\\/\\\/irocafort.testsdowhile.com\\\/ca\\\/author\\\/dowhile\\\/\",\"name\":\"dowhile\",\"image\":{\"@type\":\"ImageObject\",\"@id\":\"https:\\\/\\\/irocafort.testsdowhile.com\\\/ca\\\/el-preu-de-lhabitatge-puja-a-tota-espanya-a-2016-i-es-dispara-a-catalunya-i-madrid\\\/#authorImage\",\"url\":\"https:\\\/\\\/secure.gravatar.com\\\/avatar\\\/96d0de2628368d3b7d73a6002ff79be7961f286f5d9503d6f5ed427ba55823a7?s=96&d=mm&r=g\",\"width\":96,\"height\":96,\"caption\":\"dowhile\"}},{\"@type\":\"WebPage\",\"@id\":\"https:\\\/\\\/irocafort.testsdowhile.com\\\/ca\\\/el-preu-de-lhabitatge-puja-a-tota-espanya-a-2016-i-es-dispara-a-catalunya-i-madrid\\\/#webpage\",\"url\":\"https:\\\/\\\/irocafort.testsdowhile.com\\\/ca\\\/el-preu-de-lhabitatge-puja-a-tota-espanya-a-2016-i-es-dispara-a-catalunya-i-madrid\\\/\",\"name\":\"El preu de l\\u2019habitatge puja a tota espanya a 2016 i es dispara a catalunya i madrid - Institut Rocafort\",\"description\":\"Segons l'\\u00edndex Tinsa IMIE Mercats Locals, el preu mitj\\u00e0 de l'habitatge acabat (nou i d\\u2019ocasi\\u00f3) a Espanya es va encarir un 1,4% en el primer trimestre de 2016 amb el que acumula dos trimestres consecutius d'increment interanual. L'\\u00edndex mostra que Catalunya i Madrid es desmarquen com les dues regions 'locomotora' de la pujada dels preus\",\"inLanguage\":\"ca\",\"isPartOf\":{\"@id\":\"https:\\\/\\\/irocafort.testsdowhile.com\\\/ca\\\/#website\"},\"breadcrumb\":{\"@id\":\"https:\\\/\\\/irocafort.testsdowhile.com\\\/ca\\\/el-preu-de-lhabitatge-puja-a-tota-espanya-a-2016-i-es-dispara-a-catalunya-i-madrid\\\/#breadcrumblist\"},\"author\":{\"@id\":\"https:\\\/\\\/irocafort.testsdowhile.com\\\/ca\\\/author\\\/dowhile\\\/#author\"},\"creator\":{\"@id\":\"https:\\\/\\\/irocafort.testsdowhile.com\\\/ca\\\/author\\\/dowhile\\\/#author\"},\"image\":{\"@type\":\"ImageObject\",\"url\":\"https:\\\/\\\/irocafort.testsdowhile.com\\\/wp-content\\\/uploads\\\/2026\\\/03\\\/curso-agente-inmobiliario-aicat.jpg\",\"@id\":\"https:\\\/\\\/irocafort.testsdowhile.com\\\/ca\\\/el-preu-de-lhabitatge-puja-a-tota-espanya-a-2016-i-es-dispara-a-catalunya-i-madrid\\\/#mainImage\",\"width\":1024,\"height\":790},\"primaryImageOfPage\":{\"@id\":\"https:\\\/\\\/irocafort.testsdowhile.com\\\/ca\\\/el-preu-de-lhabitatge-puja-a-tota-espanya-a-2016-i-es-dispara-a-catalunya-i-madrid\\\/#mainImage\"},\"datePublished\":\"2016-06-21T18:02:20+02:00\",\"dateModified\":\"2016-06-21T18:02:20+02:00\"},{\"@type\":\"WebSite\",\"@id\":\"https:\\\/\\\/irocafort.testsdowhile.com\\\/ca\\\/#website\",\"url\":\"https:\\\/\\\/irocafort.testsdowhile.com\\\/ca\\\/\",\"name\":\"Institut Rocafort\",\"inLanguage\":\"ca\",\"publisher\":{\"@id\":\"https:\\\/\\\/irocafort.testsdowhile.com\\\/ca\\\/#organization\"}}]}\n\t\t<\/script>\n\t\t<!-- All in One SEO -->\n\n","aioseo_head_json":{"title":"El preu de l\u2019habitatge puja a tota espanya a 2016 i es dispara a catalunya i madrid - Institut Rocafort","description":"Segons l'\u00edndex Tinsa IMIE Mercats Locals, el preu mitj\u00e0 de l'habitatge acabat (nou i d\u2019ocasi\u00f3) a Espanya es va encarir un 1,4% en el primer trimestre de 2016 amb el que acumula dos trimestres consecutius d'increment interanual. L'\u00edndex mostra que Catalunya i Madrid es desmarquen com les dues regions 'locomotora' de la pujada dels preus","canonical_url":"https:\/\/irocafort.testsdowhile.com\/ca\/el-preu-de-lhabitatge-puja-a-tota-espanya-a-2016-i-es-dispara-a-catalunya-i-madrid\/","robots":"noindex, nofollow, max-image-preview:large","keywords":"","webmasterTools":{"miscellaneous":""},"schema":{"@context":"https:\/\/schema.org","@graph":[{"@type":"BlogPosting","@id":"https:\/\/irocafort.testsdowhile.com\/ca\/el-preu-de-lhabitatge-puja-a-tota-espanya-a-2016-i-es-dispara-a-catalunya-i-madrid\/#blogposting","name":"El preu de l\u2019habitatge puja a tota espanya a 2016 i es dispara a catalunya i madrid - Institut Rocafort","headline":"El preu de l&#8217;habitatge puja a tota espanya a 2016 i es dispara a catalunya i madrid","author":{"@id":"https:\/\/irocafort.testsdowhile.com\/ca\/author\/dowhile\/#author"},"publisher":{"@id":"https:\/\/irocafort.testsdowhile.com\/ca\/#organization"},"image":{"@type":"ImageObject","url":"https:\/\/irocafort.testsdowhile.com\/wp-content\/uploads\/2026\/03\/curso-agente-inmobiliario-aicat.jpg","width":1024,"height":790},"datePublished":"2016-06-21T18:02:20+02:00","dateModified":"2016-06-21T18:02:20+02:00","inLanguage":"ca","mainEntityOfPage":{"@id":"https:\/\/irocafort.testsdowhile.com\/ca\/el-preu-de-lhabitatge-puja-a-tota-espanya-a-2016-i-es-dispara-a-catalunya-i-madrid\/#webpage"},"isPartOf":{"@id":"https:\/\/irocafort.testsdowhile.com\/ca\/el-preu-de-lhabitatge-puja-a-tota-espanya-a-2016-i-es-dispara-a-catalunya-i-madrid\/#webpage"},"articleSection":"Destacades, Immobiliaria"},{"@type":"BreadcrumbList","@id":"https:\/\/irocafort.testsdowhile.com\/ca\/el-preu-de-lhabitatge-puja-a-tota-espanya-a-2016-i-es-dispara-a-catalunya-i-madrid\/#breadcrumblist","itemListElement":[{"@type":"ListItem","@id":"https:\/\/irocafort.testsdowhile.com\/ca\/#listItem","position":1,"name":"Home","item":"https:\/\/irocafort.testsdowhile.com\/ca\/","nextItem":{"@type":"ListItem","@id":"https:\/\/irocafort.testsdowhile.com\/ca\/categoria\/destacades\/#listItem","name":"Destacades"}},{"@type":"ListItem","@id":"https:\/\/irocafort.testsdowhile.com\/ca\/categoria\/destacades\/#listItem","position":2,"name":"Destacades","item":"https:\/\/irocafort.testsdowhile.com\/ca\/categoria\/destacades\/","nextItem":{"@type":"ListItem","@id":"https:\/\/irocafort.testsdowhile.com\/ca\/el-preu-de-lhabitatge-puja-a-tota-espanya-a-2016-i-es-dispara-a-catalunya-i-madrid\/#listItem","name":"El preu de l&#8217;habitatge puja a tota espanya a 2016 i es dispara a catalunya i madrid"},"previousItem":{"@type":"ListItem","@id":"https:\/\/irocafort.testsdowhile.com\/ca\/#listItem","name":"Home"}},{"@type":"ListItem","@id":"https:\/\/irocafort.testsdowhile.com\/ca\/el-preu-de-lhabitatge-puja-a-tota-espanya-a-2016-i-es-dispara-a-catalunya-i-madrid\/#listItem","position":3,"name":"El preu de l&#8217;habitatge puja a tota espanya a 2016 i es dispara a catalunya i madrid","previousItem":{"@type":"ListItem","@id":"https:\/\/irocafort.testsdowhile.com\/ca\/categoria\/destacades\/#listItem","name":"Destacades"}}]},{"@type":"Organization","@id":"https:\/\/irocafort.testsdowhile.com\/ca\/#organization","name":"Institut Rocafort","url":"https:\/\/irocafort.testsdowhile.com\/ca\/"},{"@type":"Person","@id":"https:\/\/irocafort.testsdowhile.com\/ca\/author\/dowhile\/#author","url":"https:\/\/irocafort.testsdowhile.com\/ca\/author\/dowhile\/","name":"dowhile","image":{"@type":"ImageObject","@id":"https:\/\/irocafort.testsdowhile.com\/ca\/el-preu-de-lhabitatge-puja-a-tota-espanya-a-2016-i-es-dispara-a-catalunya-i-madrid\/#authorImage","url":"https:\/\/secure.gravatar.com\/avatar\/96d0de2628368d3b7d73a6002ff79be7961f286f5d9503d6f5ed427ba55823a7?s=96&d=mm&r=g","width":96,"height":96,"caption":"dowhile"}},{"@type":"WebPage","@id":"https:\/\/irocafort.testsdowhile.com\/ca\/el-preu-de-lhabitatge-puja-a-tota-espanya-a-2016-i-es-dispara-a-catalunya-i-madrid\/#webpage","url":"https:\/\/irocafort.testsdowhile.com\/ca\/el-preu-de-lhabitatge-puja-a-tota-espanya-a-2016-i-es-dispara-a-catalunya-i-madrid\/","name":"El preu de l\u2019habitatge puja a tota espanya a 2016 i es dispara a catalunya i madrid - Institut Rocafort","description":"Segons l'\u00edndex Tinsa IMIE Mercats Locals, el preu mitj\u00e0 de l'habitatge acabat (nou i d\u2019ocasi\u00f3) a Espanya es va encarir un 1,4% en el primer trimestre de 2016 amb el que acumula dos trimestres consecutius d'increment interanual. L'\u00edndex mostra que Catalunya i Madrid es desmarquen com les dues regions 'locomotora' de la pujada dels preus","inLanguage":"ca","isPartOf":{"@id":"https:\/\/irocafort.testsdowhile.com\/ca\/#website"},"breadcrumb":{"@id":"https:\/\/irocafort.testsdowhile.com\/ca\/el-preu-de-lhabitatge-puja-a-tota-espanya-a-2016-i-es-dispara-a-catalunya-i-madrid\/#breadcrumblist"},"author":{"@id":"https:\/\/irocafort.testsdowhile.com\/ca\/author\/dowhile\/#author"},"creator":{"@id":"https:\/\/irocafort.testsdowhile.com\/ca\/author\/dowhile\/#author"},"image":{"@type":"ImageObject","url":"https:\/\/irocafort.testsdowhile.com\/wp-content\/uploads\/2026\/03\/curso-agente-inmobiliario-aicat.jpg","@id":"https:\/\/irocafort.testsdowhile.com\/ca\/el-preu-de-lhabitatge-puja-a-tota-espanya-a-2016-i-es-dispara-a-catalunya-i-madrid\/#mainImage","width":1024,"height":790},"primaryImageOfPage":{"@id":"https:\/\/irocafort.testsdowhile.com\/ca\/el-preu-de-lhabitatge-puja-a-tota-espanya-a-2016-i-es-dispara-a-catalunya-i-madrid\/#mainImage"},"datePublished":"2016-06-21T18:02:20+02:00","dateModified":"2016-06-21T18:02:20+02:00"},{"@type":"WebSite","@id":"https:\/\/irocafort.testsdowhile.com\/ca\/#website","url":"https:\/\/irocafort.testsdowhile.com\/ca\/","name":"Institut Rocafort","inLanguage":"ca","publisher":{"@id":"https:\/\/irocafort.testsdowhile.com\/ca\/#organization"}}]},"og:locale":"ca_ES","og:site_name":"Institut Rocafort -","og:type":"article","og:title":"El preu de l\u2019habitatge puja a tota espanya a 2016 i es dispara a catalunya i madrid - Institut Rocafort","og:description":"Segons l'\u00edndex Tinsa IMIE Mercats Locals, el preu mitj\u00e0 de l'habitatge acabat (nou i d\u2019ocasi\u00f3) a Espanya es va encarir un 1,4% en el primer trimestre de 2016 amb el que acumula dos trimestres consecutius d'increment interanual. L'\u00edndex mostra que Catalunya i Madrid es desmarquen com les dues regions 'locomotora' de la pujada dels preus","og:url":"https:\/\/irocafort.testsdowhile.com\/ca\/el-preu-de-lhabitatge-puja-a-tota-espanya-a-2016-i-es-dispara-a-catalunya-i-madrid\/","article:published_time":"2016-06-21T16:02:20+00:00","article:modified_time":"2016-06-21T16:02:20+00:00","twitter:card":"summary_large_image","twitter:title":"El preu de l\u2019habitatge puja a tota espanya a 2016 i es dispara a catalunya i madrid - Institut Rocafort","twitter:description":"Segons l'\u00edndex Tinsa IMIE Mercats Locals, el preu mitj\u00e0 de l'habitatge acabat (nou i d\u2019ocasi\u00f3) a Espanya es va encarir un 1,4% en el primer trimestre de 2016 amb el que acumula dos trimestres consecutius d'increment interanual. L'\u00edndex mostra que Catalunya i Madrid es desmarquen com les dues regions 'locomotora' de la pujada dels preus"},"aioseo_meta_data":{"post_id":"160438","title":null,"description":null,"keywords":null,"keyphrases":{"focus":{"keyphrase":"","score":0,"analysis":{"keyphraseInTitle":{"score":0,"maxScore":9,"error":1}}},"additional":[]},"primary_term":null,"canonical_url":null,"og_title":null,"og_description":null,"og_object_type":"default","og_image_type":"default","og_image_url":null,"og_image_width":null,"og_image_height":null,"og_image_custom_url":null,"og_image_custom_fields":null,"og_video":"","og_custom_url":null,"og_article_section":null,"og_article_tags":null,"twitter_use_og":false,"twitter_card":"default","twitter_image_type":"default","twitter_image_url":null,"twitter_image_custom_url":null,"twitter_image_custom_fields":null,"twitter_title":null,"twitter_description":null,"schema":{"blockGraphs":[],"customGraphs":[],"default":{"data":{"Article":[],"Course":[],"Dataset":[],"FAQPage":[],"Movie":[],"Person":[],"Product":[],"ProductReview":[],"Car":[],"Recipe":[],"Service":[],"SoftwareApplication":[],"WebPage":[]},"graphName":"BlogPosting","isEnabled":true},"graphs":[]},"schema_type":"default","schema_type_options":null,"pillar_content":false,"robots_default":true,"robots_noindex":false,"robots_noarchive":false,"robots_nosnippet":false,"robots_nofollow":false,"robots_noimageindex":false,"robots_noodp":false,"robots_notranslate":false,"robots_max_snippet":"-1","robots_max_videopreview":"-1","robots_max_imagepreview":"large","priority":null,"frequency":"default","local_seo":null,"breadcrumb_settings":null,"limit_modified_date":true,"ai":{"faqs":[],"keyPoints":[],"titles":[],"descriptions":[],"socialPosts":{"email":[],"linkedin":[],"twitter":[],"facebook":[],"instagram":[]}},"created":"2026-03-31 12:33:13","updated":"2026-03-31 13:27:27","seo_analyzer_scan_date":null,"focus_keyword":null,"additional_keywords":null,"truseo_locale":null},"aioseo_breadcrumb":"<div class=\"aioseo-breadcrumbs\"><span class=\"aioseo-breadcrumb\">\n\t\t\t<a href=\"https:\/\/irocafort.testsdowhile.com\/ca\/\" title=\"Home\">Home<\/a>\n\t\t<\/span><span class=\"aioseo-breadcrumb-separator\">&raquo;<\/span><span class=\"aioseo-breadcrumb\">\n\t\t\t<a href=\"https:\/\/irocafort.testsdowhile.com\/ca\/categoria\/destacades\/\" title=\"Destacades\">Destacades<\/a>\n\t\t<\/span><span class=\"aioseo-breadcrumb-separator\">&raquo;<\/span><span class=\"aioseo-breadcrumb\">\n\t\t\tEl preu de l\u2019habitatge puja a tota espanya a 2016 i es dispara a catalunya i madrid\n\t\t<\/span><\/div>","aioseo_breadcrumb_json":[{"label":"Home","link":"https:\/\/irocafort.testsdowhile.com\/ca\/"},{"label":"Destacades","link":"https:\/\/irocafort.testsdowhile.com\/ca\/categoria\/destacades\/"},{"label":"El preu de l&#8217;habitatge puja a tota espanya a 2016 i es dispara a catalunya i madrid","link":"https:\/\/irocafort.testsdowhile.com\/ca\/el-preu-de-lhabitatge-puja-a-tota-espanya-a-2016-i-es-dispara-a-catalunya-i-madrid\/"}],"_links":{"self":[{"href":"https:\/\/irocafort.testsdowhile.com\/ca\/wp-json\/wp\/v2\/posts\/160438","targetHints":{"allow":["GET"]}}],"collection":[{"href":"https:\/\/irocafort.testsdowhile.com\/ca\/wp-json\/wp\/v2\/posts"}],"about":[{"href":"https:\/\/irocafort.testsdowhile.com\/ca\/wp-json\/wp\/v2\/types\/post"}],"author":[{"embeddable":true,"href":"https:\/\/irocafort.testsdowhile.com\/ca\/wp-json\/wp\/v2\/users\/1"}],"replies":[{"embeddable":true,"href":"https:\/\/irocafort.testsdowhile.com\/ca\/wp-json\/wp\/v2\/comments?post=160438"}],"version-history":[{"count":1,"href":"https:\/\/irocafort.testsdowhile.com\/ca\/wp-json\/wp\/v2\/posts\/160438\/revisions"}],"predecessor-version":[{"id":160474,"href":"https:\/\/irocafort.testsdowhile.com\/ca\/wp-json\/wp\/v2\/posts\/160438\/revisions\/160474"}],"wp:featuredmedia":[{"embeddable":true,"href":"https:\/\/irocafort.testsdowhile.com\/ca\/wp-json\/wp\/v2\/media\/160394"}],"wp:attachment":[{"href":"https:\/\/irocafort.testsdowhile.com\/ca\/wp-json\/wp\/v2\/media?parent=160438"}],"wp:term":[{"taxonomy":"category","embeddable":true,"href":"https:\/\/irocafort.testsdowhile.com\/ca\/wp-json\/wp\/v2\/categories?post=160438"},{"taxonomy":"post_tag","embeddable":true,"href":"https:\/\/irocafort.testsdowhile.com\/ca\/wp-json\/wp\/v2\/tags?post=160438"}],"curies":[{"name":"wp","href":"https:\/\/api.w.org\/{rel}","templated":true}]}}