{"id":160439,"date":"2017-03-02T12:59:01","date_gmt":"2017-03-02T11:59:01","guid":{"rendered":"https:\/\/irocafort.testsdowhile.com\/crece-el-interes-para-trabajar-en-el-sector-inmobiliario-tv3-en-institut-rocafort\/"},"modified":"2017-03-02T12:59:01","modified_gmt":"2017-03-02T11:59:01","slug":"crece-el-interes-para-trabajar-en-el-sector-inmobiliario-tv3-en-institut-rocafort","status":"publish","type":"post","link":"https:\/\/irocafort.testsdowhile.com\/ca\/crece-el-interes-para-trabajar-en-el-sector-inmobiliario-tv3-en-institut-rocafort\/","title":{"rendered":"TV3 en INSTITUT ROCAFORT &#8211;  Crece el inter\u00e9s para trabajar en el sector inmobiliari"},"content":{"rendered":"<p>El 28 de Febrero de 2017 en el <strong>TN Vespre de TV3 \u00a0<\/strong>se emiti\u00f3 un reportaje sobre el crecimiento del sector inmobiliario en el que se entrevist\u00f3 a varios de los alumnos y profesorado de <strong>INSTITUT ROCAFORT.<\/strong><\/p>\n<p><em>Reaparece el \u00abboom\u00bb inmobiliario, sobre todo en ciudades como Barcelona. Y, con el calentamiento del mercado, crece tambi\u00e9n el inter\u00e9s de muchas personas para entrar en este negocio. Aumentan los alquileres y, tambi\u00e9n, las ventas; en consecuencia, suben los precios.<\/em><\/p>\n<p><strong>INSTITUT ROCAFORT<\/strong> c\u00f3mo centro homologado por la <strong>Secretaria de l&#8217;Habitatg<\/strong>e<strong> de Catalunya<\/strong> es uno de los centros de referencia en el sector, impartiendo el curso <strong>AICAT de AGENTE INMOBILIARIO.<\/strong><\/p>\n","protected":false},"excerpt":{"rendered":"<p>El 28 de Febrero de 2017 en el TN Vespre de TV3 \u00a0se emiti\u00f3 un reportaje sobre el crecimiento del [&hellip;]<\/p>\n","protected":false},"author":1,"featured_media":160398,"comment_status":"closed","ping_status":"closed","sticky":false,"template":"","format":"standard","meta":{"footnotes":""},"categories":[1,104],"tags":[],"class_list":["post-160439","post","type-post","status-publish","format-standard","has-post-thumbnail","hentry","category-destacades","category-immobiliaria"],"aioseo_notices":[],"aioseo_head":"\n\t\t<!-- All in One SEO 5.0.0.1 - aioseo.com -->\n\t<meta name=\"description\" content=\"El 28 de Febrero de 2017 en el TN Vespre de TV3 se emiti\u00f3 un reportaje sobre el crecimiento del sector inmobiliario en el que se entrevist\u00f3 a varios de los alumnos y profesorado de INSTITUT ROCAFORT. Reaparece el &quot;boom&quot; inmobiliario, sobre todo en ciudades como Barcelona. Y, con el calentamiento del mercado, crece tambi\u00e9n\" \/>\n\t<meta name=\"robots\" content=\"noindex, nofollow, max-image-preview:large\" \/>\n\t<meta name=\"author\" content=\"dowhile\"\/>\n\t<link rel=\"canonical\" href=\"https:\/\/irocafort.testsdowhile.com\/ca\/crece-el-interes-para-trabajar-en-el-sector-inmobiliario-tv3-en-institut-rocafort\/\" \/>\n\t<meta name=\"generator\" content=\"All in One SEO (AIOSEO) 5.0.0.1\" \/>\n\t\t<meta property=\"og:locale\" content=\"ca_ES\" \/>\n\t\t<meta property=\"og:site_name\" content=\"Institut Rocafort -\" \/>\n\t\t<meta property=\"og:type\" content=\"article\" \/>\n\t\t<meta property=\"og:title\" content=\"TV3 en INSTITUT ROCAFORT \u2013 Crece el inter\u00e9s para trabajar en el sector inmobiliari - Institut Rocafort\" \/>\n\t\t<meta property=\"og:description\" content=\"El 28 de Febrero de 2017 en el TN Vespre de TV3 se emiti\u00f3 un reportaje sobre el crecimiento del sector inmobiliario en el que se entrevist\u00f3 a varios de los alumnos y profesorado de INSTITUT ROCAFORT. Reaparece el &quot;boom&quot; inmobiliario, sobre todo en ciudades como Barcelona. Y, con el calentamiento del mercado, crece tambi\u00e9n\" \/>\n\t\t<meta property=\"og:url\" content=\"https:\/\/irocafort.testsdowhile.com\/ca\/crece-el-interes-para-trabajar-en-el-sector-inmobiliario-tv3-en-institut-rocafort\/\" \/>\n\t\t<meta property=\"article:published_time\" content=\"2017-03-02T11:59:01+00:00\" \/>\n\t\t<meta property=\"article:modified_time\" content=\"2017-03-02T11:59:01+00:00\" \/>\n\t\t<meta name=\"twitter:card\" content=\"summary_large_image\" \/>\n\t\t<meta name=\"twitter:title\" content=\"TV3 en INSTITUT ROCAFORT \u2013 Crece el inter\u00e9s para trabajar en el sector inmobiliari - Institut Rocafort\" \/>\n\t\t<meta name=\"twitter:description\" content=\"El 28 de Febrero de 2017 en el TN Vespre de TV3 se emiti\u00f3 un reportaje sobre el crecimiento del sector inmobiliario en el que se entrevist\u00f3 a varios de los alumnos y profesorado de INSTITUT ROCAFORT. Reaparece el &quot;boom&quot; inmobiliario, sobre todo en ciudades como Barcelona. Y, con el calentamiento del mercado, crece tambi\u00e9n\" \/>\n\t\t<script type=\"application\/ld+json\" class=\"aioseo-schema\">\n\t\t\t{\"@context\":\"https:\\\/\\\/schema.org\",\"@graph\":[{\"@type\":\"BlogPosting\",\"@id\":\"https:\\\/\\\/irocafort.testsdowhile.com\\\/ca\\\/crece-el-interes-para-trabajar-en-el-sector-inmobiliario-tv3-en-institut-rocafort\\\/#blogposting\",\"name\":\"TV3 en INSTITUT ROCAFORT \\u2013 Crece el inter\\u00e9s para trabajar en el sector inmobiliari - Institut Rocafort\",\"headline\":\"TV3 en INSTITUT ROCAFORT &#8211;  Crece el inter\\u00e9s para trabajar en el sector inmobiliari\",\"author\":{\"@id\":\"https:\\\/\\\/irocafort.testsdowhile.com\\\/ca\\\/author\\\/dowhile\\\/#author\"},\"publisher\":{\"@id\":\"https:\\\/\\\/irocafort.testsdowhile.com\\\/ca\\\/#organization\"},\"image\":{\"@type\":\"ImageObject\",\"url\":\"https:\\\/\\\/irocafort.testsdowhile.com\\\/wp-content\\\/uploads\\\/2026\\\/03\\\/foto-ivana.jpg\",\"width\":1125,\"height\":833},\"datePublished\":\"2017-03-02T12:59:01+01:00\",\"dateModified\":\"2017-03-02T12:59:01+01:00\",\"inLanguage\":\"ca\",\"mainEntityOfPage\":{\"@id\":\"https:\\\/\\\/irocafort.testsdowhile.com\\\/ca\\\/crece-el-interes-para-trabajar-en-el-sector-inmobiliario-tv3-en-institut-rocafort\\\/#webpage\"},\"isPartOf\":{\"@id\":\"https:\\\/\\\/irocafort.testsdowhile.com\\\/ca\\\/crece-el-interes-para-trabajar-en-el-sector-inmobiliario-tv3-en-institut-rocafort\\\/#webpage\"},\"articleSection\":\"Destacades, Immobiliaria\"},{\"@type\":\"BreadcrumbList\",\"@id\":\"https:\\\/\\\/irocafort.testsdowhile.com\\\/ca\\\/crece-el-interes-para-trabajar-en-el-sector-inmobiliario-tv3-en-institut-rocafort\\\/#breadcrumblist\",\"itemListElement\":[{\"@type\":\"ListItem\",\"@id\":\"https:\\\/\\\/irocafort.testsdowhile.com\\\/ca\\\/#listItem\",\"position\":1,\"name\":\"Home\",\"item\":\"https:\\\/\\\/irocafort.testsdowhile.com\\\/ca\\\/\",\"nextItem\":{\"@type\":\"ListItem\",\"@id\":\"https:\\\/\\\/irocafort.testsdowhile.com\\\/ca\\\/categoria\\\/destacades\\\/#listItem\",\"name\":\"Destacades\"}},{\"@type\":\"ListItem\",\"@id\":\"https:\\\/\\\/irocafort.testsdowhile.com\\\/ca\\\/categoria\\\/destacades\\\/#listItem\",\"position\":2,\"name\":\"Destacades\",\"item\":\"https:\\\/\\\/irocafort.testsdowhile.com\\\/ca\\\/categoria\\\/destacades\\\/\",\"nextItem\":{\"@type\":\"ListItem\",\"@id\":\"https:\\\/\\\/irocafort.testsdowhile.com\\\/ca\\\/crece-el-interes-para-trabajar-en-el-sector-inmobiliario-tv3-en-institut-rocafort\\\/#listItem\",\"name\":\"TV3 en INSTITUT ROCAFORT &#8211;  Crece el inter\\u00e9s para trabajar en el sector inmobiliari\"},\"previousItem\":{\"@type\":\"ListItem\",\"@id\":\"https:\\\/\\\/irocafort.testsdowhile.com\\\/ca\\\/#listItem\",\"name\":\"Home\"}},{\"@type\":\"ListItem\",\"@id\":\"https:\\\/\\\/irocafort.testsdowhile.com\\\/ca\\\/crece-el-interes-para-trabajar-en-el-sector-inmobiliario-tv3-en-institut-rocafort\\\/#listItem\",\"position\":3,\"name\":\"TV3 en INSTITUT ROCAFORT &#8211;  Crece el inter\\u00e9s para trabajar en el sector inmobiliari\",\"previousItem\":{\"@type\":\"ListItem\",\"@id\":\"https:\\\/\\\/irocafort.testsdowhile.com\\\/ca\\\/categoria\\\/destacades\\\/#listItem\",\"name\":\"Destacades\"}}]},{\"@type\":\"Organization\",\"@id\":\"https:\\\/\\\/irocafort.testsdowhile.com\\\/ca\\\/#organization\",\"name\":\"Institut Rocafort\",\"url\":\"https:\\\/\\\/irocafort.testsdowhile.com\\\/ca\\\/\"},{\"@type\":\"Person\",\"@id\":\"https:\\\/\\\/irocafort.testsdowhile.com\\\/ca\\\/author\\\/dowhile\\\/#author\",\"url\":\"https:\\\/\\\/irocafort.testsdowhile.com\\\/ca\\\/author\\\/dowhile\\\/\",\"name\":\"dowhile\",\"image\":{\"@type\":\"ImageObject\",\"@id\":\"https:\\\/\\\/irocafort.testsdowhile.com\\\/ca\\\/crece-el-interes-para-trabajar-en-el-sector-inmobiliario-tv3-en-institut-rocafort\\\/#authorImage\",\"url\":\"https:\\\/\\\/secure.gravatar.com\\\/avatar\\\/96d0de2628368d3b7d73a6002ff79be7961f286f5d9503d6f5ed427ba55823a7?s=96&d=mm&r=g\",\"width\":96,\"height\":96,\"caption\":\"dowhile\"}},{\"@type\":\"WebPage\",\"@id\":\"https:\\\/\\\/irocafort.testsdowhile.com\\\/ca\\\/crece-el-interes-para-trabajar-en-el-sector-inmobiliario-tv3-en-institut-rocafort\\\/#webpage\",\"url\":\"https:\\\/\\\/irocafort.testsdowhile.com\\\/ca\\\/crece-el-interes-para-trabajar-en-el-sector-inmobiliario-tv3-en-institut-rocafort\\\/\",\"name\":\"TV3 en INSTITUT ROCAFORT \\u2013 Crece el inter\\u00e9s para trabajar en el sector inmobiliari - Institut Rocafort\",\"description\":\"El 28 de Febrero de 2017 en el TN Vespre de TV3 se emiti\\u00f3 un reportaje sobre el crecimiento del sector inmobiliario en el que se entrevist\\u00f3 a varios de los alumnos y profesorado de INSTITUT ROCAFORT. Reaparece el \\\"boom\\\" inmobiliario, sobre todo en ciudades como Barcelona. Y, con el calentamiento del mercado, crece tambi\\u00e9n\",\"inLanguage\":\"ca\",\"isPartOf\":{\"@id\":\"https:\\\/\\\/irocafort.testsdowhile.com\\\/ca\\\/#website\"},\"breadcrumb\":{\"@id\":\"https:\\\/\\\/irocafort.testsdowhile.com\\\/ca\\\/crece-el-interes-para-trabajar-en-el-sector-inmobiliario-tv3-en-institut-rocafort\\\/#breadcrumblist\"},\"author\":{\"@id\":\"https:\\\/\\\/irocafort.testsdowhile.com\\\/ca\\\/author\\\/dowhile\\\/#author\"},\"creator\":{\"@id\":\"https:\\\/\\\/irocafort.testsdowhile.com\\\/ca\\\/author\\\/dowhile\\\/#author\"},\"image\":{\"@type\":\"ImageObject\",\"url\":\"https:\\\/\\\/irocafort.testsdowhile.com\\\/wp-content\\\/uploads\\\/2026\\\/03\\\/foto-ivana.jpg\",\"@id\":\"https:\\\/\\\/irocafort.testsdowhile.com\\\/ca\\\/crece-el-interes-para-trabajar-en-el-sector-inmobiliario-tv3-en-institut-rocafort\\\/#mainImage\",\"width\":1125,\"height\":833},\"primaryImageOfPage\":{\"@id\":\"https:\\\/\\\/irocafort.testsdowhile.com\\\/ca\\\/crece-el-interes-para-trabajar-en-el-sector-inmobiliario-tv3-en-institut-rocafort\\\/#mainImage\"},\"datePublished\":\"2017-03-02T12:59:01+01:00\",\"dateModified\":\"2017-03-02T12:59:01+01:00\"},{\"@type\":\"WebSite\",\"@id\":\"https:\\\/\\\/irocafort.testsdowhile.com\\\/ca\\\/#website\",\"url\":\"https:\\\/\\\/irocafort.testsdowhile.com\\\/ca\\\/\",\"name\":\"Institut Rocafort\",\"inLanguage\":\"ca\",\"publisher\":{\"@id\":\"https:\\\/\\\/irocafort.testsdowhile.com\\\/ca\\\/#organization\"}}]}\n\t\t<\/script>\n\t\t<!-- All in One SEO -->\n\n","aioseo_head_json":{"title":"TV3 en INSTITUT ROCAFORT \u2013 Crece el inter\u00e9s para trabajar en el sector inmobiliari - Institut Rocafort","description":"El 28 de Febrero de 2017 en el TN Vespre de TV3 se emiti\u00f3 un reportaje sobre el crecimiento del sector inmobiliario en el que se entrevist\u00f3 a varios de los alumnos y profesorado de INSTITUT ROCAFORT. Reaparece el \"boom\" inmobiliario, sobre todo en ciudades como Barcelona. Y, con el calentamiento del mercado, crece tambi\u00e9n","canonical_url":"https:\/\/irocafort.testsdowhile.com\/ca\/crece-el-interes-para-trabajar-en-el-sector-inmobiliario-tv3-en-institut-rocafort\/","robots":"noindex, nofollow, max-image-preview:large","keywords":"","webmasterTools":{"miscellaneous":""},"schema":{"@context":"https:\/\/schema.org","@graph":[{"@type":"BlogPosting","@id":"https:\/\/irocafort.testsdowhile.com\/ca\/crece-el-interes-para-trabajar-en-el-sector-inmobiliario-tv3-en-institut-rocafort\/#blogposting","name":"TV3 en INSTITUT ROCAFORT \u2013 Crece el inter\u00e9s para trabajar en el sector inmobiliari - Institut Rocafort","headline":"TV3 en INSTITUT ROCAFORT &#8211;  Crece el inter\u00e9s para trabajar en el sector inmobiliari","author":{"@id":"https:\/\/irocafort.testsdowhile.com\/ca\/author\/dowhile\/#author"},"publisher":{"@id":"https:\/\/irocafort.testsdowhile.com\/ca\/#organization"},"image":{"@type":"ImageObject","url":"https:\/\/irocafort.testsdowhile.com\/wp-content\/uploads\/2026\/03\/foto-ivana.jpg","width":1125,"height":833},"datePublished":"2017-03-02T12:59:01+01:00","dateModified":"2017-03-02T12:59:01+01:00","inLanguage":"ca","mainEntityOfPage":{"@id":"https:\/\/irocafort.testsdowhile.com\/ca\/crece-el-interes-para-trabajar-en-el-sector-inmobiliario-tv3-en-institut-rocafort\/#webpage"},"isPartOf":{"@id":"https:\/\/irocafort.testsdowhile.com\/ca\/crece-el-interes-para-trabajar-en-el-sector-inmobiliario-tv3-en-institut-rocafort\/#webpage"},"articleSection":"Destacades, Immobiliaria"},{"@type":"BreadcrumbList","@id":"https:\/\/irocafort.testsdowhile.com\/ca\/crece-el-interes-para-trabajar-en-el-sector-inmobiliario-tv3-en-institut-rocafort\/#breadcrumblist","itemListElement":[{"@type":"ListItem","@id":"https:\/\/irocafort.testsdowhile.com\/ca\/#listItem","position":1,"name":"Home","item":"https:\/\/irocafort.testsdowhile.com\/ca\/","nextItem":{"@type":"ListItem","@id":"https:\/\/irocafort.testsdowhile.com\/ca\/categoria\/destacades\/#listItem","name":"Destacades"}},{"@type":"ListItem","@id":"https:\/\/irocafort.testsdowhile.com\/ca\/categoria\/destacades\/#listItem","position":2,"name":"Destacades","item":"https:\/\/irocafort.testsdowhile.com\/ca\/categoria\/destacades\/","nextItem":{"@type":"ListItem","@id":"https:\/\/irocafort.testsdowhile.com\/ca\/crece-el-interes-para-trabajar-en-el-sector-inmobiliario-tv3-en-institut-rocafort\/#listItem","name":"TV3 en INSTITUT ROCAFORT &#8211;  Crece el inter\u00e9s para trabajar en el sector inmobiliari"},"previousItem":{"@type":"ListItem","@id":"https:\/\/irocafort.testsdowhile.com\/ca\/#listItem","name":"Home"}},{"@type":"ListItem","@id":"https:\/\/irocafort.testsdowhile.com\/ca\/crece-el-interes-para-trabajar-en-el-sector-inmobiliario-tv3-en-institut-rocafort\/#listItem","position":3,"name":"TV3 en INSTITUT ROCAFORT &#8211;  Crece el inter\u00e9s para trabajar en el sector inmobiliari","previousItem":{"@type":"ListItem","@id":"https:\/\/irocafort.testsdowhile.com\/ca\/categoria\/destacades\/#listItem","name":"Destacades"}}]},{"@type":"Organization","@id":"https:\/\/irocafort.testsdowhile.com\/ca\/#organization","name":"Institut Rocafort","url":"https:\/\/irocafort.testsdowhile.com\/ca\/"},{"@type":"Person","@id":"https:\/\/irocafort.testsdowhile.com\/ca\/author\/dowhile\/#author","url":"https:\/\/irocafort.testsdowhile.com\/ca\/author\/dowhile\/","name":"dowhile","image":{"@type":"ImageObject","@id":"https:\/\/irocafort.testsdowhile.com\/ca\/crece-el-interes-para-trabajar-en-el-sector-inmobiliario-tv3-en-institut-rocafort\/#authorImage","url":"https:\/\/secure.gravatar.com\/avatar\/96d0de2628368d3b7d73a6002ff79be7961f286f5d9503d6f5ed427ba55823a7?s=96&d=mm&r=g","width":96,"height":96,"caption":"dowhile"}},{"@type":"WebPage","@id":"https:\/\/irocafort.testsdowhile.com\/ca\/crece-el-interes-para-trabajar-en-el-sector-inmobiliario-tv3-en-institut-rocafort\/#webpage","url":"https:\/\/irocafort.testsdowhile.com\/ca\/crece-el-interes-para-trabajar-en-el-sector-inmobiliario-tv3-en-institut-rocafort\/","name":"TV3 en INSTITUT ROCAFORT \u2013 Crece el inter\u00e9s para trabajar en el sector inmobiliari - Institut Rocafort","description":"El 28 de Febrero de 2017 en el TN Vespre de TV3 se emiti\u00f3 un reportaje sobre el crecimiento del sector inmobiliario en el que se entrevist\u00f3 a varios de los alumnos y profesorado de INSTITUT ROCAFORT. Reaparece el \"boom\" inmobiliario, sobre todo en ciudades como Barcelona. Y, con el calentamiento del mercado, crece tambi\u00e9n","inLanguage":"ca","isPartOf":{"@id":"https:\/\/irocafort.testsdowhile.com\/ca\/#website"},"breadcrumb":{"@id":"https:\/\/irocafort.testsdowhile.com\/ca\/crece-el-interes-para-trabajar-en-el-sector-inmobiliario-tv3-en-institut-rocafort\/#breadcrumblist"},"author":{"@id":"https:\/\/irocafort.testsdowhile.com\/ca\/author\/dowhile\/#author"},"creator":{"@id":"https:\/\/irocafort.testsdowhile.com\/ca\/author\/dowhile\/#author"},"image":{"@type":"ImageObject","url":"https:\/\/irocafort.testsdowhile.com\/wp-content\/uploads\/2026\/03\/foto-ivana.jpg","@id":"https:\/\/irocafort.testsdowhile.com\/ca\/crece-el-interes-para-trabajar-en-el-sector-inmobiliario-tv3-en-institut-rocafort\/#mainImage","width":1125,"height":833},"primaryImageOfPage":{"@id":"https:\/\/irocafort.testsdowhile.com\/ca\/crece-el-interes-para-trabajar-en-el-sector-inmobiliario-tv3-en-institut-rocafort\/#mainImage"},"datePublished":"2017-03-02T12:59:01+01:00","dateModified":"2017-03-02T12:59:01+01:00"},{"@type":"WebSite","@id":"https:\/\/irocafort.testsdowhile.com\/ca\/#website","url":"https:\/\/irocafort.testsdowhile.com\/ca\/","name":"Institut Rocafort","inLanguage":"ca","publisher":{"@id":"https:\/\/irocafort.testsdowhile.com\/ca\/#organization"}}]},"og:locale":"ca_ES","og:site_name":"Institut Rocafort -","og:type":"article","og:title":"TV3 en INSTITUT ROCAFORT \u2013 Crece el inter\u00e9s para trabajar en el sector inmobiliari - Institut Rocafort","og:description":"El 28 de Febrero de 2017 en el TN Vespre de TV3 se emiti\u00f3 un reportaje sobre el crecimiento del sector inmobiliario en el que se entrevist\u00f3 a varios de los alumnos y profesorado de INSTITUT ROCAFORT. Reaparece el &quot;boom&quot; inmobiliario, sobre todo en ciudades como Barcelona. Y, con el calentamiento del mercado, crece tambi\u00e9n","og:url":"https:\/\/irocafort.testsdowhile.com\/ca\/crece-el-interes-para-trabajar-en-el-sector-inmobiliario-tv3-en-institut-rocafort\/","article:published_time":"2017-03-02T11:59:01+00:00","article:modified_time":"2017-03-02T11:59:01+00:00","twitter:card":"summary_large_image","twitter:title":"TV3 en INSTITUT ROCAFORT \u2013 Crece el inter\u00e9s para trabajar en el sector inmobiliari - Institut Rocafort","twitter:description":"El 28 de Febrero de 2017 en el TN Vespre de TV3 se emiti\u00f3 un reportaje sobre el crecimiento del sector inmobiliario en el que se entrevist\u00f3 a varios de los alumnos y profesorado de INSTITUT ROCAFORT. Reaparece el &quot;boom&quot; inmobiliario, sobre todo en ciudades como Barcelona. Y, con el calentamiento del mercado, crece tambi\u00e9n"},"aioseo_meta_data":{"post_id":"160439","title":null,"description":null,"keywords":null,"keyphrases":{"focus":{"keyphrase":"","score":0,"analysis":{"keyphraseInTitle":{"score":0,"maxScore":9,"error":1}}},"additional":[]},"primary_term":null,"canonical_url":null,"og_title":null,"og_description":null,"og_object_type":"default","og_image_type":"default","og_image_url":null,"og_image_width":null,"og_image_height":null,"og_image_custom_url":null,"og_image_custom_fields":null,"og_video":"","og_custom_url":null,"og_article_section":null,"og_article_tags":null,"twitter_use_og":false,"twitter_card":"default","twitter_image_type":"default","twitter_image_url":null,"twitter_image_custom_url":null,"twitter_image_custom_fields":null,"twitter_title":null,"twitter_description":null,"schema":{"blockGraphs":[],"customGraphs":[],"default":{"data":{"Article":[],"Course":[],"Dataset":[],"FAQPage":[],"Movie":[],"Person":[],"Product":[],"ProductReview":[],"Car":[],"Recipe":[],"Service":[],"SoftwareApplication":[],"WebPage":[]},"graphName":"BlogPosting","isEnabled":true},"graphs":[]},"schema_type":"default","schema_type_options":null,"pillar_content":false,"robots_default":true,"robots_noindex":false,"robots_noarchive":false,"robots_nosnippet":false,"robots_nofollow":false,"robots_noimageindex":false,"robots_noodp":false,"robots_notranslate":false,"robots_max_snippet":"-1","robots_max_videopreview":"-1","robots_max_imagepreview":"large","priority":null,"frequency":"default","local_seo":null,"breadcrumb_settings":null,"limit_modified_date":true,"ai":{"faqs":[],"keyPoints":[],"titles":[],"descriptions":[],"socialPosts":{"email":[],"linkedin":[],"twitter":[],"facebook":[],"instagram":[]}},"created":"2026-03-31 12:33:13","updated":"2026-03-31 13:26:38","seo_analyzer_scan_date":null,"focus_keyword":null,"additional_keywords":null,"truseo_locale":null},"aioseo_breadcrumb":"<div class=\"aioseo-breadcrumbs\"><span class=\"aioseo-breadcrumb\">\n\t\t\t<a href=\"https:\/\/irocafort.testsdowhile.com\/ca\/\" title=\"Home\">Home<\/a>\n\t\t<\/span><span class=\"aioseo-breadcrumb-separator\">&raquo;<\/span><span class=\"aioseo-breadcrumb\">\n\t\t\t<a href=\"https:\/\/irocafort.testsdowhile.com\/ca\/categoria\/destacades\/\" title=\"Destacades\">Destacades<\/a>\n\t\t<\/span><span class=\"aioseo-breadcrumb-separator\">&raquo;<\/span><span class=\"aioseo-breadcrumb\">\n\t\t\tTV3 en INSTITUT ROCAFORT \u2013  Crece el inter\u00e9s para trabajar en el sector inmobiliari\n\t\t<\/span><\/div>","aioseo_breadcrumb_json":[{"label":"Home","link":"https:\/\/irocafort.testsdowhile.com\/ca\/"},{"label":"Destacades","link":"https:\/\/irocafort.testsdowhile.com\/ca\/categoria\/destacades\/"},{"label":"TV3 en INSTITUT ROCAFORT &#8211;  Crece el inter\u00e9s para trabajar en el sector inmobiliari","link":"https:\/\/irocafort.testsdowhile.com\/ca\/crece-el-interes-para-trabajar-en-el-sector-inmobiliario-tv3-en-institut-rocafort\/"}],"_links":{"self":[{"href":"https:\/\/irocafort.testsdowhile.com\/ca\/wp-json\/wp\/v2\/posts\/160439","targetHints":{"allow":["GET"]}}],"collection":[{"href":"https:\/\/irocafort.testsdowhile.com\/ca\/wp-json\/wp\/v2\/posts"}],"about":[{"href":"https:\/\/irocafort.testsdowhile.com\/ca\/wp-json\/wp\/v2\/types\/post"}],"author":[{"embeddable":true,"href":"https:\/\/irocafort.testsdowhile.com\/ca\/wp-json\/wp\/v2\/users\/1"}],"replies":[{"embeddable":true,"href":"https:\/\/irocafort.testsdowhile.com\/ca\/wp-json\/wp\/v2\/comments?post=160439"}],"version-history":[{"count":1,"href":"https:\/\/irocafort.testsdowhile.com\/ca\/wp-json\/wp\/v2\/posts\/160439\/revisions"}],"predecessor-version":[{"id":160472,"href":"https:\/\/irocafort.testsdowhile.com\/ca\/wp-json\/wp\/v2\/posts\/160439\/revisions\/160472"}],"wp:featuredmedia":[{"embeddable":true,"href":"https:\/\/irocafort.testsdowhile.com\/ca\/wp-json\/wp\/v2\/media\/160398"}],"wp:attachment":[{"href":"https:\/\/irocafort.testsdowhile.com\/ca\/wp-json\/wp\/v2\/media?parent=160439"}],"wp:term":[{"taxonomy":"category","embeddable":true,"href":"https:\/\/irocafort.testsdowhile.com\/ca\/wp-json\/wp\/v2\/categories?post=160439"},{"taxonomy":"post_tag","embeddable":true,"href":"https:\/\/irocafort.testsdowhile.com\/ca\/wp-json\/wp\/v2\/tags?post=160439"}],"curies":[{"name":"wp","href":"https:\/\/api.w.org\/{rel}","templated":true}]}}